{"id":6237,"date":"2019-11-25T20:47:16","date_gmt":"2019-11-25T20:47:16","guid":{"rendered":"https:\/\/www.labrienville.org\/reminder-citrus-pick-up-is-december-2-3\/"},"modified":"2025-02-28T18:40:29","modified_gmt":"2025-02-28T18:40:29","slug":"reminder-citrus-pick-up-is-december-2-3","status":"publish","type":"post","link":"https:\/\/www.labrienville.org\/fr\/reminder-citrus-pick-up-is-december-2-3\/","title":{"rendered":"REMINDER: Citrus pick-up is December 2 &#038; 3"},"content":{"rendered":"For those of you who ordered oranges and grapefruit through L\u2019Abri en Ville\u2019s 2019 Annual Citrus Fundraising Campaign, your orders will be available for pick-up next week.\r\n\r\n<strong><em>Pickup Dates, Times and Place:<\/em><\/strong>\r\n\r\n<strong><em>Monday and Tuesday, December 2nd &amp; 3rd, 2019 from 2:00 to 8:00 p.m.<\/em><\/strong>\r\n\r\n<strong><em>at Mountainside United Church, Lansdowne Avenue corner of The Boulevard, Westmount \u2013 parking on Lansdowne<\/em><\/strong>\r\n\r\n<strong><u>Oranges<\/u><\/strong><strong> \u00a0\u00a0\u00a0\u00a0\u00a0\u00a0\u00a0\u00a0\u00a0\u00a0\u00a0\u00a0\u00a0\u00a0\u00a0\u00a0\u00a0\u00a0\u00a0\u00a0\u00a0\u00a0\u00a0\u00a0\u00a0\u00a0\u00a0\u00a0\u00a0 \u00a0\u00a0\u00a0\u00a0\u00a0\u00a0\u00a0\u00a0<u>Grapefruits<\/u><\/strong>\r\n\r\n<strong>Small Box\u00a0 \u00a0\u00a0\u00a0 $ 35.00\u00a0\u00a0\u00a0\u00a0\u00a0\u00a0\u00a0\u00a0\u00a0\u00a0\u00a0\u00a0\u00a0\u00a0\u00a0\u00a0 Small Box\u00a0 \u00a0\u00a0\u00a0 $ 30.00<\/strong>\r\n\r\n<strong>Large Box\u00a0 \u00a0\u00a0\u00a0 $ 65.00\u00a0\u00a0\u00a0\u00a0\u00a0\u00a0\u00a0\u00a0\u00a0\u00a0\u00a0\u00a0\u00a0\u00a0\u00a0\u00a0 Large Box\u00a0\u00a0\u00a0\u00a0\u00a0 $ 55.00<\/strong>\r\n\r\n(Payment by cash or cheque payable to L&rsquo;Abri en Ville).\r\n\r\nThank you for your support!","protected":false},"excerpt":{"rendered":"For those of you who ordered oranges and grapefruit through L\u2019Abri en Ville\u2019s 2019 Annual Citrus Fundraising [&#8230;]","protected":false},"author":1,"featured_media":0,"comment_status":"closed","ping_status":"closed","sticky":false,"template":"","format":"standard","meta":{"_acf_changed":false,"footnotes":""},"categories":[17],"tags":[],"class_list":["post-6237","post","type-post","status-publish","format-standard","hentry","category-news-events-2-fr"],"acf":[],"yoast_head":"<!-- This site is optimized with the Yoast SEO plugin v27.4 - https:\/\/yoast.com\/product\/yoast-seo-wordpress\/ -->\n<title>REMINDER: Citrus pick-up is December 2 &amp; 3 - L&#039;Abri en Ville<\/title>\n<meta name=\"robots\" content=\"index, follow, max-snippet:-1, max-image-preview:large, max-video-preview:-1\" \/>\n<link rel=\"canonical\" href=\"https:\/\/www.labrienville.org\/fr\/reminder-citrus-pick-up-is-december-2-3\/\" \/>\n<meta property=\"og:locale\" content=\"fr_FR\" \/>\n<meta property=\"og:type\" content=\"article\" \/>\n<meta property=\"og:title\" content=\"REMINDER: Citrus pick-up is December 2 &amp; 3 - L&#039;Abri en Ville\" \/>\n<meta property=\"og:description\" content=\"For those of you who ordered oranges and grapefruit through L\u2019Abri en Ville\u2019s 2019 Annual Citrus Fundraising [...]\" \/>\n<meta property=\"og:url\" content=\"https:\/\/www.labrienville.org\/fr\/reminder-citrus-pick-up-is-december-2-3\/\" \/>\n<meta property=\"og:site_name\" content=\"L&#039;Abri en Ville\" \/>\n<meta property=\"article:published_time\" content=\"2019-11-25T20:47:16+00:00\" \/>\n<meta property=\"article:modified_time\" content=\"2025-02-28T18:40:29+00:00\" \/>\n<meta name=\"author\" content=\"admin\" \/>\n<meta name=\"twitter:card\" content=\"summary_large_image\" \/>\n<meta name=\"twitter:label1\" content=\"\u00c9crit par\" \/>\n\t<meta name=\"twitter:data1\" content=\"admin\" \/>\n\t<meta name=\"twitter:label2\" content=\"Dur\u00e9e de lecture estim\u00e9e\" \/>\n\t<meta name=\"twitter:data2\" content=\"1 minute\" \/>\n<script type=\"application\/ld+json\" class=\"yoast-schema-graph\">{\"@context\":\"https:\\\/\\\/schema.org\",\"@graph\":[{\"@type\":\"Article\",\"@id\":\"https:\\\/\\\/www.labrienville.org\\\/fr\\\/reminder-citrus-pick-up-is-december-2-3\\\/#article\",\"isPartOf\":{\"@id\":\"https:\\\/\\\/www.labrienville.org\\\/fr\\\/reminder-citrus-pick-up-is-december-2-3\\\/\"},\"author\":{\"name\":\"admin\",\"@id\":\"https:\\\/\\\/www.labrienville.org\\\/fr\\\/#\\\/schema\\\/person\\\/d0b7b6f97f31d88e00f0e7605127cc70\"},\"headline\":\"REMINDER: Citrus pick-up is December 2 &#038; 3\",\"datePublished\":\"2019-11-25T20:47:16+00:00\",\"dateModified\":\"2025-02-28T18:40:29+00:00\",\"mainEntityOfPage\":{\"@id\":\"https:\\\/\\\/www.labrienville.org\\\/fr\\\/reminder-citrus-pick-up-is-december-2-3\\\/\"},\"wordCount\":88,\"articleSection\":[\"News &amp; Events\"],\"inLanguage\":\"fr-FR\"},{\"@type\":\"WebPage\",\"@id\":\"https:\\\/\\\/www.labrienville.org\\\/fr\\\/reminder-citrus-pick-up-is-december-2-3\\\/\",\"url\":\"https:\\\/\\\/www.labrienville.org\\\/fr\\\/reminder-citrus-pick-up-is-december-2-3\\\/\",\"name\":\"REMINDER: Citrus pick-up is December 2 & 3 - L&#039;Abri en Ville\",\"isPartOf\":{\"@id\":\"https:\\\/\\\/www.labrienville.org\\\/fr\\\/#website\"},\"datePublished\":\"2019-11-25T20:47:16+00:00\",\"dateModified\":\"2025-02-28T18:40:29+00:00\",\"author\":{\"@id\":\"https:\\\/\\\/www.labrienville.org\\\/fr\\\/#\\\/schema\\\/person\\\/d0b7b6f97f31d88e00f0e7605127cc70\"},\"breadcrumb\":{\"@id\":\"https:\\\/\\\/www.labrienville.org\\\/fr\\\/reminder-citrus-pick-up-is-december-2-3\\\/#breadcrumb\"},\"inLanguage\":\"fr-FR\",\"potentialAction\":[{\"@type\":\"ReadAction\",\"target\":[\"https:\\\/\\\/www.labrienville.org\\\/fr\\\/reminder-citrus-pick-up-is-december-2-3\\\/\"]}]},{\"@type\":\"BreadcrumbList\",\"@id\":\"https:\\\/\\\/www.labrienville.org\\\/fr\\\/reminder-citrus-pick-up-is-december-2-3\\\/#breadcrumb\",\"itemListElement\":[{\"@type\":\"ListItem\",\"position\":1,\"name\":\"Home\",\"item\":\"https:\\\/\\\/www.labrienville.org\\\/fr\\\/\"},{\"@type\":\"ListItem\",\"position\":2,\"name\":\"REMINDER: Citrus pick-up is December 2 &#038; 3\"}]},{\"@type\":\"WebSite\",\"@id\":\"https:\\\/\\\/www.labrienville.org\\\/fr\\\/#website\",\"url\":\"https:\\\/\\\/www.labrienville.org\\\/fr\\\/\",\"name\":\"L&#039;Abri en Ville\",\"description\":\"\",\"potentialAction\":[{\"@type\":\"SearchAction\",\"target\":{\"@type\":\"EntryPoint\",\"urlTemplate\":\"https:\\\/\\\/www.labrienville.org\\\/fr\\\/?s={search_term_string}\"},\"query-input\":{\"@type\":\"PropertyValueSpecification\",\"valueRequired\":true,\"valueName\":\"search_term_string\"}}],\"inLanguage\":\"fr-FR\"},{\"@type\":\"Person\",\"@id\":\"https:\\\/\\\/www.labrienville.org\\\/fr\\\/#\\\/schema\\\/person\\\/d0b7b6f97f31d88e00f0e7605127cc70\",\"name\":\"admin\",\"image\":{\"@type\":\"ImageObject\",\"inLanguage\":\"fr-FR\",\"@id\":\"https:\\\/\\\/secure.gravatar.com\\\/avatar\\\/7981cda9102f5b729863c26ff0fec36c88485a30289ab537afe6fbacaad209c0?s=96&d=mm&r=g\",\"url\":\"https:\\\/\\\/secure.gravatar.com\\\/avatar\\\/7981cda9102f5b729863c26ff0fec36c88485a30289ab537afe6fbacaad209c0?s=96&d=mm&r=g\",\"contentUrl\":\"https:\\\/\\\/secure.gravatar.com\\\/avatar\\\/7981cda9102f5b729863c26ff0fec36c88485a30289ab537afe6fbacaad209c0?s=96&d=mm&r=g\",\"caption\":\"admin\"},\"sameAs\":[\"https:\\\/\\\/www.labrienville.org\"],\"url\":\"https:\\\/\\\/www.labrienville.org\\\/fr\\\/author\\\/admin\\\/\"}]}<\/script>\n<!-- \/ Yoast SEO plugin. -->","yoast_head_json":{"title":"REMINDER: Citrus pick-up is December 2 & 3 - L&#039;Abri en Ville","robots":{"index":"index","follow":"follow","max-snippet":"max-snippet:-1","max-image-preview":"max-image-preview:large","max-video-preview":"max-video-preview:-1"},"canonical":"https:\/\/www.labrienville.org\/fr\/reminder-citrus-pick-up-is-december-2-3\/","og_locale":"fr_FR","og_type":"article","og_title":"REMINDER: Citrus pick-up is December 2 & 3 - L&#039;Abri en Ville","og_description":"For those of you who ordered oranges and grapefruit through L\u2019Abri en Ville\u2019s 2019 Annual Citrus Fundraising [...]","og_url":"https:\/\/www.labrienville.org\/fr\/reminder-citrus-pick-up-is-december-2-3\/","og_site_name":"L&#039;Abri en Ville","article_published_time":"2019-11-25T20:47:16+00:00","article_modified_time":"2025-02-28T18:40:29+00:00","author":"admin","twitter_card":"summary_large_image","twitter_misc":{"\u00c9crit par":"admin","Dur\u00e9e de lecture estim\u00e9e":"1 minute"},"schema":{"@context":"https:\/\/schema.org","@graph":[{"@type":"Article","@id":"https:\/\/www.labrienville.org\/fr\/reminder-citrus-pick-up-is-december-2-3\/#article","isPartOf":{"@id":"https:\/\/www.labrienville.org\/fr\/reminder-citrus-pick-up-is-december-2-3\/"},"author":{"name":"admin","@id":"https:\/\/www.labrienville.org\/fr\/#\/schema\/person\/d0b7b6f97f31d88e00f0e7605127cc70"},"headline":"REMINDER: Citrus pick-up is December 2 &#038; 3","datePublished":"2019-11-25T20:47:16+00:00","dateModified":"2025-02-28T18:40:29+00:00","mainEntityOfPage":{"@id":"https:\/\/www.labrienville.org\/fr\/reminder-citrus-pick-up-is-december-2-3\/"},"wordCount":88,"articleSection":["News &amp; Events"],"inLanguage":"fr-FR"},{"@type":"WebPage","@id":"https:\/\/www.labrienville.org\/fr\/reminder-citrus-pick-up-is-december-2-3\/","url":"https:\/\/www.labrienville.org\/fr\/reminder-citrus-pick-up-is-december-2-3\/","name":"REMINDER: Citrus pick-up is December 2 & 3 - L&#039;Abri en Ville","isPartOf":{"@id":"https:\/\/www.labrienville.org\/fr\/#website"},"datePublished":"2019-11-25T20:47:16+00:00","dateModified":"2025-02-28T18:40:29+00:00","author":{"@id":"https:\/\/www.labrienville.org\/fr\/#\/schema\/person\/d0b7b6f97f31d88e00f0e7605127cc70"},"breadcrumb":{"@id":"https:\/\/www.labrienville.org\/fr\/reminder-citrus-pick-up-is-december-2-3\/#breadcrumb"},"inLanguage":"fr-FR","potentialAction":[{"@type":"ReadAction","target":["https:\/\/www.labrienville.org\/fr\/reminder-citrus-pick-up-is-december-2-3\/"]}]},{"@type":"BreadcrumbList","@id":"https:\/\/www.labrienville.org\/fr\/reminder-citrus-pick-up-is-december-2-3\/#breadcrumb","itemListElement":[{"@type":"ListItem","position":1,"name":"Home","item":"https:\/\/www.labrienville.org\/fr\/"},{"@type":"ListItem","position":2,"name":"REMINDER: Citrus pick-up is December 2 &#038; 3"}]},{"@type":"WebSite","@id":"https:\/\/www.labrienville.org\/fr\/#website","url":"https:\/\/www.labrienville.org\/fr\/","name":"L&#039;Abri en Ville","description":"","potentialAction":[{"@type":"SearchAction","target":{"@type":"EntryPoint","urlTemplate":"https:\/\/www.labrienville.org\/fr\/?s={search_term_string}"},"query-input":{"@type":"PropertyValueSpecification","valueRequired":true,"valueName":"search_term_string"}}],"inLanguage":"fr-FR"},{"@type":"Person","@id":"https:\/\/www.labrienville.org\/fr\/#\/schema\/person\/d0b7b6f97f31d88e00f0e7605127cc70","name":"admin","image":{"@type":"ImageObject","inLanguage":"fr-FR","@id":"https:\/\/secure.gravatar.com\/avatar\/7981cda9102f5b729863c26ff0fec36c88485a30289ab537afe6fbacaad209c0?s=96&d=mm&r=g","url":"https:\/\/secure.gravatar.com\/avatar\/7981cda9102f5b729863c26ff0fec36c88485a30289ab537afe6fbacaad209c0?s=96&d=mm&r=g","contentUrl":"https:\/\/secure.gravatar.com\/avatar\/7981cda9102f5b729863c26ff0fec36c88485a30289ab537afe6fbacaad209c0?s=96&d=mm&r=g","caption":"admin"},"sameAs":["https:\/\/www.labrienville.org"],"url":"https:\/\/www.labrienville.org\/fr\/author\/admin\/"}]}},"_links":{"self":[{"href":"https:\/\/www.labrienville.org\/fr\/wp-json\/wp\/v2\/posts\/6237","targetHints":{"allow":["GET"]}}],"collection":[{"href":"https:\/\/www.labrienville.org\/fr\/wp-json\/wp\/v2\/posts"}],"about":[{"href":"https:\/\/www.labrienville.org\/fr\/wp-json\/wp\/v2\/types\/post"}],"author":[{"embeddable":true,"href":"https:\/\/www.labrienville.org\/fr\/wp-json\/wp\/v2\/users\/1"}],"replies":[{"embeddable":true,"href":"https:\/\/www.labrienville.org\/fr\/wp-json\/wp\/v2\/comments?post=6237"}],"version-history":[{"count":1,"href":"https:\/\/www.labrienville.org\/fr\/wp-json\/wp\/v2\/posts\/6237\/revisions"}],"predecessor-version":[{"id":6238,"href":"https:\/\/www.labrienville.org\/fr\/wp-json\/wp\/v2\/posts\/6237\/revisions\/6238"}],"wp:attachment":[{"href":"https:\/\/www.labrienville.org\/fr\/wp-json\/wp\/v2\/media?parent=6237"}],"wp:term":[{"taxonomy":"category","embeddable":true,"href":"https:\/\/www.labrienville.org\/fr\/wp-json\/wp\/v2\/categories?post=6237"},{"taxonomy":"post_tag","embeddable":true,"href":"https:\/\/www.labrienville.org\/fr\/wp-json\/wp\/v2\/tags?post=6237"}],"curies":[{"name":"wp","href":"https:\/\/api.w.org\/{rel}","templated":true}]}}