{"id":6276,"date":"2017-02-14T16:45:30","date_gmt":"2017-02-14T16:45:30","guid":{"rendered":"https:\/\/www.labrienville.org\/annual-general-meeting-2017\/"},"modified":"2025-02-28T18:46:47","modified_gmt":"2025-02-28T18:46:47","slug":"annual-general-meeting-2017","status":"publish","type":"post","link":"https:\/\/www.labrienville.org\/fr\/annual-general-meeting-2017\/","title":{"rendered":"Annual General Meeting 2017"},"content":{"rendered":"All are welcome to the Unitarian Church of Montreal located at 5035 de Maisonneuve Boulevard West on Monday, March 13th, 2017 at 5:30 PM\u00a0for L&rsquo;Abri en Ville&rsquo;s\u00a0annual general meeting.\r\n\r\nThe Unitarian Church of Montreal is located 1 block east of Vend\u00f4me Metro Station.\r\n<h4 style=\"text-align: center;\">The AGM is open to the public.<\/h4>\r\n<h4 style=\"text-align: center;\">Please RSVP.<\/h4>\r\n<h4 style=\"text-align: center;\">514 932-2199 or info@labrienville.org<\/h4>","protected":false},"excerpt":{"rendered":"All are welcome to the Unitarian Church of Montreal located at 5035 de Maisonneuve Boulevard West on Monday, March 13th, [&#8230;]","protected":false},"author":1,"featured_media":5467,"comment_status":"closed","ping_status":"closed","sticky":false,"template":"","format":"standard","meta":{"_acf_changed":false,"footnotes":""},"categories":[17,8],"tags":[],"class_list":["post-6276","post","type-post","status-publish","format-standard","has-post-thumbnail","hentry","category-news-events-2-fr","category-non-categorise"],"acf":[],"yoast_head":"<!-- This site is optimized with the Yoast SEO plugin v27.4 - https:\/\/yoast.com\/product\/yoast-seo-wordpress\/ -->\n<title>Annual General Meeting 2017 - L&#039;Abri en Ville<\/title>\n<meta name=\"robots\" content=\"index, follow, max-snippet:-1, max-image-preview:large, max-video-preview:-1\" \/>\n<link rel=\"canonical\" href=\"https:\/\/www.labrienville.org\/fr\/annual-general-meeting-2017\/\" \/>\n<meta property=\"og:locale\" content=\"fr_FR\" \/>\n<meta property=\"og:type\" content=\"article\" \/>\n<meta property=\"og:title\" content=\"Annual General Meeting 2017 - L&#039;Abri en Ville\" \/>\n<meta property=\"og:description\" content=\"All are welcome to the Unitarian Church of Montreal located at 5035 de Maisonneuve Boulevard West on Monday, March 13th, [...]\" \/>\n<meta property=\"og:url\" content=\"https:\/\/www.labrienville.org\/fr\/annual-general-meeting-2017\/\" \/>\n<meta property=\"og:site_name\" content=\"L&#039;Abri en Ville\" \/>\n<meta property=\"article:published_time\" content=\"2017-02-14T16:45:30+00:00\" \/>\n<meta property=\"article:modified_time\" content=\"2025-02-28T18:46:47+00:00\" \/>\n<meta property=\"og:image\" content=\"https:\/\/www.labrienville.org\/wp-content\/uploads\/2016\/07\/IMG_0358-scaled.jpg\" \/>\n\t<meta property=\"og:image:width\" content=\"2560\" \/>\n\t<meta property=\"og:image:height\" content=\"1920\" \/>\n\t<meta property=\"og:image:type\" content=\"image\/jpeg\" \/>\n<meta name=\"author\" content=\"admin\" \/>\n<meta name=\"twitter:card\" content=\"summary_large_image\" \/>\n<meta name=\"twitter:label1\" content=\"\u00c9crit par\" \/>\n\t<meta name=\"twitter:data1\" content=\"admin\" \/>\n\t<meta name=\"twitter:label2\" content=\"Dur\u00e9e de lecture estim\u00e9e\" \/>\n\t<meta name=\"twitter:data2\" content=\"1 minute\" \/>\n<script type=\"application\/ld+json\" class=\"yoast-schema-graph\">{\"@context\":\"https:\\\/\\\/schema.org\",\"@graph\":[{\"@type\":\"Article\",\"@id\":\"https:\\\/\\\/www.labrienville.org\\\/fr\\\/annual-general-meeting-2017\\\/#article\",\"isPartOf\":{\"@id\":\"https:\\\/\\\/www.labrienville.org\\\/fr\\\/annual-general-meeting-2017\\\/\"},\"author\":{\"name\":\"admin\",\"@id\":\"https:\\\/\\\/www.labrienville.org\\\/fr\\\/#\\\/schema\\\/person\\\/d0b7b6f97f31d88e00f0e7605127cc70\"},\"headline\":\"Annual General Meeting 2017\",\"datePublished\":\"2017-02-14T16:45:30+00:00\",\"dateModified\":\"2025-02-28T18:46:47+00:00\",\"mainEntityOfPage\":{\"@id\":\"https:\\\/\\\/www.labrienville.org\\\/fr\\\/annual-general-meeting-2017\\\/\"},\"wordCount\":59,\"image\":{\"@id\":\"https:\\\/\\\/www.labrienville.org\\\/fr\\\/annual-general-meeting-2017\\\/#primaryimage\"},\"thumbnailUrl\":\"https:\\\/\\\/www.labrienville.org\\\/wp-content\\\/uploads\\\/2016\\\/07\\\/IMG_0358-scaled.jpg\",\"articleSection\":[\"News &amp; Events\",\"Non cat\u00e9goris\u00e9\"],\"inLanguage\":\"fr-FR\"},{\"@type\":\"WebPage\",\"@id\":\"https:\\\/\\\/www.labrienville.org\\\/fr\\\/annual-general-meeting-2017\\\/\",\"url\":\"https:\\\/\\\/www.labrienville.org\\\/fr\\\/annual-general-meeting-2017\\\/\",\"name\":\"Annual General Meeting 2017 - L&#039;Abri en Ville\",\"isPartOf\":{\"@id\":\"https:\\\/\\\/www.labrienville.org\\\/fr\\\/#website\"},\"primaryImageOfPage\":{\"@id\":\"https:\\\/\\\/www.labrienville.org\\\/fr\\\/annual-general-meeting-2017\\\/#primaryimage\"},\"image\":{\"@id\":\"https:\\\/\\\/www.labrienville.org\\\/fr\\\/annual-general-meeting-2017\\\/#primaryimage\"},\"thumbnailUrl\":\"https:\\\/\\\/www.labrienville.org\\\/wp-content\\\/uploads\\\/2016\\\/07\\\/IMG_0358-scaled.jpg\",\"datePublished\":\"2017-02-14T16:45:30+00:00\",\"dateModified\":\"2025-02-28T18:46:47+00:00\",\"author\":{\"@id\":\"https:\\\/\\\/www.labrienville.org\\\/fr\\\/#\\\/schema\\\/person\\\/d0b7b6f97f31d88e00f0e7605127cc70\"},\"breadcrumb\":{\"@id\":\"https:\\\/\\\/www.labrienville.org\\\/fr\\\/annual-general-meeting-2017\\\/#breadcrumb\"},\"inLanguage\":\"fr-FR\",\"potentialAction\":[{\"@type\":\"ReadAction\",\"target\":[\"https:\\\/\\\/www.labrienville.org\\\/fr\\\/annual-general-meeting-2017\\\/\"]}]},{\"@type\":\"ImageObject\",\"inLanguage\":\"fr-FR\",\"@id\":\"https:\\\/\\\/www.labrienville.org\\\/fr\\\/annual-general-meeting-2017\\\/#primaryimage\",\"url\":\"https:\\\/\\\/www.labrienville.org\\\/wp-content\\\/uploads\\\/2016\\\/07\\\/IMG_0358-scaled.jpg\",\"contentUrl\":\"https:\\\/\\\/www.labrienville.org\\\/wp-content\\\/uploads\\\/2016\\\/07\\\/IMG_0358-scaled.jpg\",\"width\":2560,\"height\":1920},{\"@type\":\"BreadcrumbList\",\"@id\":\"https:\\\/\\\/www.labrienville.org\\\/fr\\\/annual-general-meeting-2017\\\/#breadcrumb\",\"itemListElement\":[{\"@type\":\"ListItem\",\"position\":1,\"name\":\"Home\",\"item\":\"https:\\\/\\\/www.labrienville.org\\\/fr\\\/\"},{\"@type\":\"ListItem\",\"position\":2,\"name\":\"Annual General Meeting 2017\"}]},{\"@type\":\"WebSite\",\"@id\":\"https:\\\/\\\/www.labrienville.org\\\/fr\\\/#website\",\"url\":\"https:\\\/\\\/www.labrienville.org\\\/fr\\\/\",\"name\":\"L&#039;Abri en Ville\",\"description\":\"\",\"potentialAction\":[{\"@type\":\"SearchAction\",\"target\":{\"@type\":\"EntryPoint\",\"urlTemplate\":\"https:\\\/\\\/www.labrienville.org\\\/fr\\\/?s={search_term_string}\"},\"query-input\":{\"@type\":\"PropertyValueSpecification\",\"valueRequired\":true,\"valueName\":\"search_term_string\"}}],\"inLanguage\":\"fr-FR\"},{\"@type\":\"Person\",\"@id\":\"https:\\\/\\\/www.labrienville.org\\\/fr\\\/#\\\/schema\\\/person\\\/d0b7b6f97f31d88e00f0e7605127cc70\",\"name\":\"admin\",\"image\":{\"@type\":\"ImageObject\",\"inLanguage\":\"fr-FR\",\"@id\":\"https:\\\/\\\/secure.gravatar.com\\\/avatar\\\/7981cda9102f5b729863c26ff0fec36c88485a30289ab537afe6fbacaad209c0?s=96&d=mm&r=g\",\"url\":\"https:\\\/\\\/secure.gravatar.com\\\/avatar\\\/7981cda9102f5b729863c26ff0fec36c88485a30289ab537afe6fbacaad209c0?s=96&d=mm&r=g\",\"contentUrl\":\"https:\\\/\\\/secure.gravatar.com\\\/avatar\\\/7981cda9102f5b729863c26ff0fec36c88485a30289ab537afe6fbacaad209c0?s=96&d=mm&r=g\",\"caption\":\"admin\"},\"sameAs\":[\"https:\\\/\\\/www.labrienville.org\"],\"url\":\"https:\\\/\\\/www.labrienville.org\\\/fr\\\/author\\\/admin\\\/\"}]}<\/script>\n<!-- \/ Yoast SEO plugin. -->","yoast_head_json":{"title":"Annual General Meeting 2017 - L&#039;Abri en Ville","robots":{"index":"index","follow":"follow","max-snippet":"max-snippet:-1","max-image-preview":"max-image-preview:large","max-video-preview":"max-video-preview:-1"},"canonical":"https:\/\/www.labrienville.org\/fr\/annual-general-meeting-2017\/","og_locale":"fr_FR","og_type":"article","og_title":"Annual General Meeting 2017 - L&#039;Abri en Ville","og_description":"All are welcome to the Unitarian Church of Montreal located at 5035 de Maisonneuve Boulevard West on Monday, March 13th, [...]","og_url":"https:\/\/www.labrienville.org\/fr\/annual-general-meeting-2017\/","og_site_name":"L&#039;Abri en Ville","article_published_time":"2017-02-14T16:45:30+00:00","article_modified_time":"2025-02-28T18:46:47+00:00","og_image":[{"width":2560,"height":1920,"url":"https:\/\/www.labrienville.org\/wp-content\/uploads\/2016\/07\/IMG_0358-scaled.jpg","type":"image\/jpeg"}],"author":"admin","twitter_card":"summary_large_image","twitter_misc":{"\u00c9crit par":"admin","Dur\u00e9e de lecture estim\u00e9e":"1 minute"},"schema":{"@context":"https:\/\/schema.org","@graph":[{"@type":"Article","@id":"https:\/\/www.labrienville.org\/fr\/annual-general-meeting-2017\/#article","isPartOf":{"@id":"https:\/\/www.labrienville.org\/fr\/annual-general-meeting-2017\/"},"author":{"name":"admin","@id":"https:\/\/www.labrienville.org\/fr\/#\/schema\/person\/d0b7b6f97f31d88e00f0e7605127cc70"},"headline":"Annual General Meeting 2017","datePublished":"2017-02-14T16:45:30+00:00","dateModified":"2025-02-28T18:46:47+00:00","mainEntityOfPage":{"@id":"https:\/\/www.labrienville.org\/fr\/annual-general-meeting-2017\/"},"wordCount":59,"image":{"@id":"https:\/\/www.labrienville.org\/fr\/annual-general-meeting-2017\/#primaryimage"},"thumbnailUrl":"https:\/\/www.labrienville.org\/wp-content\/uploads\/2016\/07\/IMG_0358-scaled.jpg","articleSection":["News &amp; Events","Non cat\u00e9goris\u00e9"],"inLanguage":"fr-FR"},{"@type":"WebPage","@id":"https:\/\/www.labrienville.org\/fr\/annual-general-meeting-2017\/","url":"https:\/\/www.labrienville.org\/fr\/annual-general-meeting-2017\/","name":"Annual General Meeting 2017 - L&#039;Abri en Ville","isPartOf":{"@id":"https:\/\/www.labrienville.org\/fr\/#website"},"primaryImageOfPage":{"@id":"https:\/\/www.labrienville.org\/fr\/annual-general-meeting-2017\/#primaryimage"},"image":{"@id":"https:\/\/www.labrienville.org\/fr\/annual-general-meeting-2017\/#primaryimage"},"thumbnailUrl":"https:\/\/www.labrienville.org\/wp-content\/uploads\/2016\/07\/IMG_0358-scaled.jpg","datePublished":"2017-02-14T16:45:30+00:00","dateModified":"2025-02-28T18:46:47+00:00","author":{"@id":"https:\/\/www.labrienville.org\/fr\/#\/schema\/person\/d0b7b6f97f31d88e00f0e7605127cc70"},"breadcrumb":{"@id":"https:\/\/www.labrienville.org\/fr\/annual-general-meeting-2017\/#breadcrumb"},"inLanguage":"fr-FR","potentialAction":[{"@type":"ReadAction","target":["https:\/\/www.labrienville.org\/fr\/annual-general-meeting-2017\/"]}]},{"@type":"ImageObject","inLanguage":"fr-FR","@id":"https:\/\/www.labrienville.org\/fr\/annual-general-meeting-2017\/#primaryimage","url":"https:\/\/www.labrienville.org\/wp-content\/uploads\/2016\/07\/IMG_0358-scaled.jpg","contentUrl":"https:\/\/www.labrienville.org\/wp-content\/uploads\/2016\/07\/IMG_0358-scaled.jpg","width":2560,"height":1920},{"@type":"BreadcrumbList","@id":"https:\/\/www.labrienville.org\/fr\/annual-general-meeting-2017\/#breadcrumb","itemListElement":[{"@type":"ListItem","position":1,"name":"Home","item":"https:\/\/www.labrienville.org\/fr\/"},{"@type":"ListItem","position":2,"name":"Annual General Meeting 2017"}]},{"@type":"WebSite","@id":"https:\/\/www.labrienville.org\/fr\/#website","url":"https:\/\/www.labrienville.org\/fr\/","name":"L&#039;Abri en Ville","description":"","potentialAction":[{"@type":"SearchAction","target":{"@type":"EntryPoint","urlTemplate":"https:\/\/www.labrienville.org\/fr\/?s={search_term_string}"},"query-input":{"@type":"PropertyValueSpecification","valueRequired":true,"valueName":"search_term_string"}}],"inLanguage":"fr-FR"},{"@type":"Person","@id":"https:\/\/www.labrienville.org\/fr\/#\/schema\/person\/d0b7b6f97f31d88e00f0e7605127cc70","name":"admin","image":{"@type":"ImageObject","inLanguage":"fr-FR","@id":"https:\/\/secure.gravatar.com\/avatar\/7981cda9102f5b729863c26ff0fec36c88485a30289ab537afe6fbacaad209c0?s=96&d=mm&r=g","url":"https:\/\/secure.gravatar.com\/avatar\/7981cda9102f5b729863c26ff0fec36c88485a30289ab537afe6fbacaad209c0?s=96&d=mm&r=g","contentUrl":"https:\/\/secure.gravatar.com\/avatar\/7981cda9102f5b729863c26ff0fec36c88485a30289ab537afe6fbacaad209c0?s=96&d=mm&r=g","caption":"admin"},"sameAs":["https:\/\/www.labrienville.org"],"url":"https:\/\/www.labrienville.org\/fr\/author\/admin\/"}]}},"_links":{"self":[{"href":"https:\/\/www.labrienville.org\/fr\/wp-json\/wp\/v2\/posts\/6276","targetHints":{"allow":["GET"]}}],"collection":[{"href":"https:\/\/www.labrienville.org\/fr\/wp-json\/wp\/v2\/posts"}],"about":[{"href":"https:\/\/www.labrienville.org\/fr\/wp-json\/wp\/v2\/types\/post"}],"author":[{"embeddable":true,"href":"https:\/\/www.labrienville.org\/fr\/wp-json\/wp\/v2\/users\/1"}],"replies":[{"embeddable":true,"href":"https:\/\/www.labrienville.org\/fr\/wp-json\/wp\/v2\/comments?post=6276"}],"version-history":[{"count":1,"href":"https:\/\/www.labrienville.org\/fr\/wp-json\/wp\/v2\/posts\/6276\/revisions"}],"predecessor-version":[{"id":6277,"href":"https:\/\/www.labrienville.org\/fr\/wp-json\/wp\/v2\/posts\/6276\/revisions\/6277"}],"wp:featuredmedia":[{"embeddable":true,"href":"https:\/\/www.labrienville.org\/fr\/wp-json\/wp\/v2\/media\/5467"}],"wp:attachment":[{"href":"https:\/\/www.labrienville.org\/fr\/wp-json\/wp\/v2\/media?parent=6276"}],"wp:term":[{"taxonomy":"category","embeddable":true,"href":"https:\/\/www.labrienville.org\/fr\/wp-json\/wp\/v2\/categories?post=6276"},{"taxonomy":"post_tag","embeddable":true,"href":"https:\/\/www.labrienville.org\/fr\/wp-json\/wp\/v2\/tags?post=6276"}],"curies":[{"name":"wp","href":"https:\/\/api.w.org\/{rel}","templated":true}]}}