{"id":6321,"date":"2012-10-16T21:30:54","date_gmt":"2012-10-16T21:30:54","guid":{"rendered":"https:\/\/www.labrienville.org\/labri-wins-national-mental-health-award\/"},"modified":"2025-02-28T18:51:40","modified_gmt":"2025-02-28T18:51:40","slug":"labri-wins-national-mental-health-award","status":"publish","type":"post","link":"https:\/\/www.labrienville.org\/fr\/labri-wins-national-mental-health-award\/","title":{"rendered":"L&rsquo;Abri Wins National Mental Health Award"},"content":{"rendered":"<figure id=\"attachment_885\" aria-describedby=\"caption-attachment-885\" style=\"width: 300px\" class=\"wp-caption aligncenter\"><a href=\"http:\/\/www.labrienville.org\/wp-content\/uploads\/2012\/10\/MHCC-Award-Eleanor-and-David-receiving-the-award.jpg\"><img decoding=\"async\" class=\"size-medium wp-image-885 lazyload\" title=\"MHCC Award\" data-src=\"http:\/\/www.labrienville.org\/wp-content\/uploads\/2012\/10\/MHCC-Award-Eleanor-and-David-receiving-the-award-300x200.jpg\" alt=\"\" width=\"300\" height=\"200\" data-srcset=\"https:\/\/www.labrienville.org\/wp-content\/uploads\/2012\/10\/MHCC-Award-Eleanor-and-David-receiving-the-award-300x200.jpg 300w, https:\/\/www.labrienville.org\/wp-content\/uploads\/2012\/10\/MHCC-Award-Eleanor-and-David-receiving-the-award-1024x683.jpg 1024w, https:\/\/www.labrienville.org\/wp-content\/uploads\/2012\/10\/MHCC-Award-Eleanor-and-David-receiving-the-award-768x512.jpg 768w, https:\/\/www.labrienville.org\/wp-content\/uploads\/2012\/10\/MHCC-Award-Eleanor-and-David-receiving-the-award-1536x1024.jpg 1536w, https:\/\/www.labrienville.org\/wp-content\/uploads\/2012\/10\/MHCC-Award-Eleanor-and-David-receiving-the-award-2048x1365.jpg 2048w\" data-sizes=\"(max-width: 300px) 100vw, 300px\" src=\"data:image\/svg+xml;base64,PHN2ZyB3aWR0aD0iMSIgaGVpZ2h0PSIxIiB4bWxucz0iaHR0cDovL3d3dy53My5vcmcvMjAwMC9zdmciPjwvc3ZnPg==\" style=\"--smush-placeholder-width: 300px; --smush-placeholder-aspect-ratio: 300\/200;\" \/><\/a><figcaption id=\"caption-attachment-885\" class=\"wp-caption-text\">David and Eleanor receive the award from Dr. David Goldbloom and Louise Bradley of the MHCC<\/figcaption><\/figure>\r\n\r\nL\u2019Abri en Ville was honored on October 16, 2012 at a ceremony in Ottawa when it was presented with the <a href=\"http:\/\/www.mentalhealthcommission.ca\/english\/pages\/default.aspx\">Mental Health Commission of Canada\u2019s<\/a> National Mental Health Award. L\u2019Abri took top place in the <strong>Community Capacity<\/strong> category, one of five areas recognized by the MHCC on the occasion of its fifth anniversary. This category comprises initiatives that strengthen the capacity of community-based mental health services to meet community needs, foster recovery and well-being for clients and their support networks.\r\n\r\nL\u2019Abri\u2019s application explained that \u201cthe initiative of L\u2019Abri en Ville is to widen that narrow circle (of professional support, others with mental illness and family members) by creating an authentic community of around 100 people: 30 residents and 70 volunteers. The volunteers, whose purpose is to connect to the well side of the residents, open up other essential dimensions of recovery through their friendship and involvement.\u201d\r\n\r\nEleanor Beattie and David Seymour accepted the award on behalf of L\u2019Abri en Ville. The L\u2019Abri en Ville network groups, who represent the dissemination of this successful model, were included in this honor, namely Les toits d\u2019\u00c9mile in Ch\u00e2teauguay, Our Harbour in Saint-Lambert and Ancoura in Ottawa.\r\n\r\n&nbsp;","protected":false},"excerpt":{"rendered":"L\u2019Abri en Ville was honored on October 16, 2012 at a ceremony in Ottawa when it was presented with the Mental Health [&#8230;]","protected":false},"author":1,"featured_media":0,"comment_status":"closed","ping_status":"closed","sticky":false,"template":"","format":"standard","meta":{"_acf_changed":false,"footnotes":""},"categories":[17],"tags":[],"class_list":["post-6321","post","type-post","status-publish","format-standard","hentry","category-news-events-2-fr"],"acf":[],"yoast_head":"<!-- This site is optimized with the Yoast SEO plugin v27.4 - https:\/\/yoast.com\/product\/yoast-seo-wordpress\/ -->\n<title>L&#039;Abri Wins National Mental Health Award - L&#039;Abri en Ville<\/title>\n<meta name=\"robots\" content=\"index, follow, max-snippet:-1, max-image-preview:large, max-video-preview:-1\" \/>\n<link rel=\"canonical\" href=\"https:\/\/www.labrienville.org\/fr\/labri-wins-national-mental-health-award\/\" \/>\n<meta property=\"og:locale\" content=\"fr_FR\" \/>\n<meta property=\"og:type\" content=\"article\" \/>\n<meta property=\"og:title\" content=\"L&#039;Abri Wins National Mental Health Award - L&#039;Abri en Ville\" \/>\n<meta property=\"og:description\" content=\"L\u2019Abri en Ville was honored on October 16, 2012 at a ceremony in Ottawa when it was presented with the Mental Health [...]\" \/>\n<meta property=\"og:url\" content=\"https:\/\/www.labrienville.org\/fr\/labri-wins-national-mental-health-award\/\" \/>\n<meta property=\"og:site_name\" content=\"L&#039;Abri en Ville\" \/>\n<meta property=\"article:published_time\" content=\"2012-10-16T21:30:54+00:00\" \/>\n<meta property=\"article:modified_time\" content=\"2025-02-28T18:51:40+00:00\" \/>\n<meta property=\"og:image\" content=\"http:\/\/www.labrienville.org\/wp-content\/uploads\/2012\/10\/MHCC-Award-Eleanor-and-David-receiving-the-award-300x200.jpg\" \/>\n<meta name=\"author\" content=\"admin\" \/>\n<meta name=\"twitter:card\" content=\"summary_large_image\" \/>\n<meta name=\"twitter:label1\" content=\"\u00c9crit par\" \/>\n\t<meta name=\"twitter:data1\" content=\"admin\" \/>\n\t<meta name=\"twitter:label2\" content=\"Dur\u00e9e de lecture estim\u00e9e\" \/>\n\t<meta name=\"twitter:data2\" content=\"2 minutes\" \/>\n<script type=\"application\/ld+json\" class=\"yoast-schema-graph\">{\"@context\":\"https:\\\/\\\/schema.org\",\"@graph\":[{\"@type\":\"Article\",\"@id\":\"https:\\\/\\\/www.labrienville.org\\\/fr\\\/labri-wins-national-mental-health-award\\\/#article\",\"isPartOf\":{\"@id\":\"https:\\\/\\\/www.labrienville.org\\\/fr\\\/labri-wins-national-mental-health-award\\\/\"},\"author\":{\"name\":\"admin\",\"@id\":\"https:\\\/\\\/www.labrienville.org\\\/fr\\\/#\\\/schema\\\/person\\\/d0b7b6f97f31d88e00f0e7605127cc70\"},\"headline\":\"L&rsquo;Abri Wins National Mental Health Award\",\"datePublished\":\"2012-10-16T21:30:54+00:00\",\"dateModified\":\"2025-02-28T18:51:40+00:00\",\"mainEntityOfPage\":{\"@id\":\"https:\\\/\\\/www.labrienville.org\\\/fr\\\/labri-wins-national-mental-health-award\\\/\"},\"wordCount\":228,\"image\":{\"@id\":\"https:\\\/\\\/www.labrienville.org\\\/fr\\\/labri-wins-national-mental-health-award\\\/#primaryimage\"},\"thumbnailUrl\":\"http:\\\/\\\/www.labrienville.org\\\/wp-content\\\/uploads\\\/2012\\\/10\\\/MHCC-Award-Eleanor-and-David-receiving-the-award-300x200.jpg\",\"articleSection\":[\"News &amp; Events\"],\"inLanguage\":\"fr-FR\"},{\"@type\":\"WebPage\",\"@id\":\"https:\\\/\\\/www.labrienville.org\\\/fr\\\/labri-wins-national-mental-health-award\\\/\",\"url\":\"https:\\\/\\\/www.labrienville.org\\\/fr\\\/labri-wins-national-mental-health-award\\\/\",\"name\":\"L'Abri Wins National Mental Health Award - L&#039;Abri en Ville\",\"isPartOf\":{\"@id\":\"https:\\\/\\\/www.labrienville.org\\\/fr\\\/#website\"},\"primaryImageOfPage\":{\"@id\":\"https:\\\/\\\/www.labrienville.org\\\/fr\\\/labri-wins-national-mental-health-award\\\/#primaryimage\"},\"image\":{\"@id\":\"https:\\\/\\\/www.labrienville.org\\\/fr\\\/labri-wins-national-mental-health-award\\\/#primaryimage\"},\"thumbnailUrl\":\"http:\\\/\\\/www.labrienville.org\\\/wp-content\\\/uploads\\\/2012\\\/10\\\/MHCC-Award-Eleanor-and-David-receiving-the-award-300x200.jpg\",\"datePublished\":\"2012-10-16T21:30:54+00:00\",\"dateModified\":\"2025-02-28T18:51:40+00:00\",\"author\":{\"@id\":\"https:\\\/\\\/www.labrienville.org\\\/fr\\\/#\\\/schema\\\/person\\\/d0b7b6f97f31d88e00f0e7605127cc70\"},\"breadcrumb\":{\"@id\":\"https:\\\/\\\/www.labrienville.org\\\/fr\\\/labri-wins-national-mental-health-award\\\/#breadcrumb\"},\"inLanguage\":\"fr-FR\",\"potentialAction\":[{\"@type\":\"ReadAction\",\"target\":[\"https:\\\/\\\/www.labrienville.org\\\/fr\\\/labri-wins-national-mental-health-award\\\/\"]}]},{\"@type\":\"ImageObject\",\"inLanguage\":\"fr-FR\",\"@id\":\"https:\\\/\\\/www.labrienville.org\\\/fr\\\/labri-wins-national-mental-health-award\\\/#primaryimage\",\"url\":\"http:\\\/\\\/www.labrienville.org\\\/wp-content\\\/uploads\\\/2012\\\/10\\\/MHCC-Award-Eleanor-and-David-receiving-the-award-300x200.jpg\",\"contentUrl\":\"http:\\\/\\\/www.labrienville.org\\\/wp-content\\\/uploads\\\/2012\\\/10\\\/MHCC-Award-Eleanor-and-David-receiving-the-award-300x200.jpg\"},{\"@type\":\"BreadcrumbList\",\"@id\":\"https:\\\/\\\/www.labrienville.org\\\/fr\\\/labri-wins-national-mental-health-award\\\/#breadcrumb\",\"itemListElement\":[{\"@type\":\"ListItem\",\"position\":1,\"name\":\"Home\",\"item\":\"https:\\\/\\\/www.labrienville.org\\\/fr\\\/\"},{\"@type\":\"ListItem\",\"position\":2,\"name\":\"L&rsquo;Abri Wins National Mental Health Award\"}]},{\"@type\":\"WebSite\",\"@id\":\"https:\\\/\\\/www.labrienville.org\\\/fr\\\/#website\",\"url\":\"https:\\\/\\\/www.labrienville.org\\\/fr\\\/\",\"name\":\"L&#039;Abri en Ville\",\"description\":\"\",\"potentialAction\":[{\"@type\":\"SearchAction\",\"target\":{\"@type\":\"EntryPoint\",\"urlTemplate\":\"https:\\\/\\\/www.labrienville.org\\\/fr\\\/?s={search_term_string}\"},\"query-input\":{\"@type\":\"PropertyValueSpecification\",\"valueRequired\":true,\"valueName\":\"search_term_string\"}}],\"inLanguage\":\"fr-FR\"},{\"@type\":\"Person\",\"@id\":\"https:\\\/\\\/www.labrienville.org\\\/fr\\\/#\\\/schema\\\/person\\\/d0b7b6f97f31d88e00f0e7605127cc70\",\"name\":\"admin\",\"image\":{\"@type\":\"ImageObject\",\"inLanguage\":\"fr-FR\",\"@id\":\"https:\\\/\\\/secure.gravatar.com\\\/avatar\\\/7981cda9102f5b729863c26ff0fec36c88485a30289ab537afe6fbacaad209c0?s=96&d=mm&r=g\",\"url\":\"https:\\\/\\\/secure.gravatar.com\\\/avatar\\\/7981cda9102f5b729863c26ff0fec36c88485a30289ab537afe6fbacaad209c0?s=96&d=mm&r=g\",\"contentUrl\":\"https:\\\/\\\/secure.gravatar.com\\\/avatar\\\/7981cda9102f5b729863c26ff0fec36c88485a30289ab537afe6fbacaad209c0?s=96&d=mm&r=g\",\"caption\":\"admin\"},\"sameAs\":[\"https:\\\/\\\/www.labrienville.org\"],\"url\":\"https:\\\/\\\/www.labrienville.org\\\/fr\\\/author\\\/admin\\\/\"}]}<\/script>\n<!-- \/ Yoast SEO plugin. -->","yoast_head_json":{"title":"L'Abri Wins National Mental Health Award - L&#039;Abri en Ville","robots":{"index":"index","follow":"follow","max-snippet":"max-snippet:-1","max-image-preview":"max-image-preview:large","max-video-preview":"max-video-preview:-1"},"canonical":"https:\/\/www.labrienville.org\/fr\/labri-wins-national-mental-health-award\/","og_locale":"fr_FR","og_type":"article","og_title":"L'Abri Wins National Mental Health Award - L&#039;Abri en Ville","og_description":"L\u2019Abri en Ville was honored on October 16, 2012 at a ceremony in Ottawa when it was presented with the Mental Health [...]","og_url":"https:\/\/www.labrienville.org\/fr\/labri-wins-national-mental-health-award\/","og_site_name":"L&#039;Abri en Ville","article_published_time":"2012-10-16T21:30:54+00:00","article_modified_time":"2025-02-28T18:51:40+00:00","og_image":[{"url":"http:\/\/www.labrienville.org\/wp-content\/uploads\/2012\/10\/MHCC-Award-Eleanor-and-David-receiving-the-award-300x200.jpg","type":"","width":"","height":""}],"author":"admin","twitter_card":"summary_large_image","twitter_misc":{"\u00c9crit par":"admin","Dur\u00e9e de lecture estim\u00e9e":"2 minutes"},"schema":{"@context":"https:\/\/schema.org","@graph":[{"@type":"Article","@id":"https:\/\/www.labrienville.org\/fr\/labri-wins-national-mental-health-award\/#article","isPartOf":{"@id":"https:\/\/www.labrienville.org\/fr\/labri-wins-national-mental-health-award\/"},"author":{"name":"admin","@id":"https:\/\/www.labrienville.org\/fr\/#\/schema\/person\/d0b7b6f97f31d88e00f0e7605127cc70"},"headline":"L&rsquo;Abri Wins National Mental Health Award","datePublished":"2012-10-16T21:30:54+00:00","dateModified":"2025-02-28T18:51:40+00:00","mainEntityOfPage":{"@id":"https:\/\/www.labrienville.org\/fr\/labri-wins-national-mental-health-award\/"},"wordCount":228,"image":{"@id":"https:\/\/www.labrienville.org\/fr\/labri-wins-national-mental-health-award\/#primaryimage"},"thumbnailUrl":"http:\/\/www.labrienville.org\/wp-content\/uploads\/2012\/10\/MHCC-Award-Eleanor-and-David-receiving-the-award-300x200.jpg","articleSection":["News &amp; Events"],"inLanguage":"fr-FR"},{"@type":"WebPage","@id":"https:\/\/www.labrienville.org\/fr\/labri-wins-national-mental-health-award\/","url":"https:\/\/www.labrienville.org\/fr\/labri-wins-national-mental-health-award\/","name":"L'Abri Wins National Mental Health Award - L&#039;Abri en Ville","isPartOf":{"@id":"https:\/\/www.labrienville.org\/fr\/#website"},"primaryImageOfPage":{"@id":"https:\/\/www.labrienville.org\/fr\/labri-wins-national-mental-health-award\/#primaryimage"},"image":{"@id":"https:\/\/www.labrienville.org\/fr\/labri-wins-national-mental-health-award\/#primaryimage"},"thumbnailUrl":"http:\/\/www.labrienville.org\/wp-content\/uploads\/2012\/10\/MHCC-Award-Eleanor-and-David-receiving-the-award-300x200.jpg","datePublished":"2012-10-16T21:30:54+00:00","dateModified":"2025-02-28T18:51:40+00:00","author":{"@id":"https:\/\/www.labrienville.org\/fr\/#\/schema\/person\/d0b7b6f97f31d88e00f0e7605127cc70"},"breadcrumb":{"@id":"https:\/\/www.labrienville.org\/fr\/labri-wins-national-mental-health-award\/#breadcrumb"},"inLanguage":"fr-FR","potentialAction":[{"@type":"ReadAction","target":["https:\/\/www.labrienville.org\/fr\/labri-wins-national-mental-health-award\/"]}]},{"@type":"ImageObject","inLanguage":"fr-FR","@id":"https:\/\/www.labrienville.org\/fr\/labri-wins-national-mental-health-award\/#primaryimage","url":"http:\/\/www.labrienville.org\/wp-content\/uploads\/2012\/10\/MHCC-Award-Eleanor-and-David-receiving-the-award-300x200.jpg","contentUrl":"http:\/\/www.labrienville.org\/wp-content\/uploads\/2012\/10\/MHCC-Award-Eleanor-and-David-receiving-the-award-300x200.jpg"},{"@type":"BreadcrumbList","@id":"https:\/\/www.labrienville.org\/fr\/labri-wins-national-mental-health-award\/#breadcrumb","itemListElement":[{"@type":"ListItem","position":1,"name":"Home","item":"https:\/\/www.labrienville.org\/fr\/"},{"@type":"ListItem","position":2,"name":"L&rsquo;Abri Wins National Mental Health Award"}]},{"@type":"WebSite","@id":"https:\/\/www.labrienville.org\/fr\/#website","url":"https:\/\/www.labrienville.org\/fr\/","name":"L&#039;Abri en Ville","description":"","potentialAction":[{"@type":"SearchAction","target":{"@type":"EntryPoint","urlTemplate":"https:\/\/www.labrienville.org\/fr\/?s={search_term_string}"},"query-input":{"@type":"PropertyValueSpecification","valueRequired":true,"valueName":"search_term_string"}}],"inLanguage":"fr-FR"},{"@type":"Person","@id":"https:\/\/www.labrienville.org\/fr\/#\/schema\/person\/d0b7b6f97f31d88e00f0e7605127cc70","name":"admin","image":{"@type":"ImageObject","inLanguage":"fr-FR","@id":"https:\/\/secure.gravatar.com\/avatar\/7981cda9102f5b729863c26ff0fec36c88485a30289ab537afe6fbacaad209c0?s=96&d=mm&r=g","url":"https:\/\/secure.gravatar.com\/avatar\/7981cda9102f5b729863c26ff0fec36c88485a30289ab537afe6fbacaad209c0?s=96&d=mm&r=g","contentUrl":"https:\/\/secure.gravatar.com\/avatar\/7981cda9102f5b729863c26ff0fec36c88485a30289ab537afe6fbacaad209c0?s=96&d=mm&r=g","caption":"admin"},"sameAs":["https:\/\/www.labrienville.org"],"url":"https:\/\/www.labrienville.org\/fr\/author\/admin\/"}]}},"_links":{"self":[{"href":"https:\/\/www.labrienville.org\/fr\/wp-json\/wp\/v2\/posts\/6321","targetHints":{"allow":["GET"]}}],"collection":[{"href":"https:\/\/www.labrienville.org\/fr\/wp-json\/wp\/v2\/posts"}],"about":[{"href":"https:\/\/www.labrienville.org\/fr\/wp-json\/wp\/v2\/types\/post"}],"author":[{"embeddable":true,"href":"https:\/\/www.labrienville.org\/fr\/wp-json\/wp\/v2\/users\/1"}],"replies":[{"embeddable":true,"href":"https:\/\/www.labrienville.org\/fr\/wp-json\/wp\/v2\/comments?post=6321"}],"version-history":[{"count":1,"href":"https:\/\/www.labrienville.org\/fr\/wp-json\/wp\/v2\/posts\/6321\/revisions"}],"predecessor-version":[{"id":6323,"href":"https:\/\/www.labrienville.org\/fr\/wp-json\/wp\/v2\/posts\/6321\/revisions\/6323"}],"wp:attachment":[{"href":"https:\/\/www.labrienville.org\/fr\/wp-json\/wp\/v2\/media?parent=6321"}],"wp:term":[{"taxonomy":"category","embeddable":true,"href":"https:\/\/www.labrienville.org\/fr\/wp-json\/wp\/v2\/categories?post=6321"},{"taxonomy":"post_tag","embeddable":true,"href":"https:\/\/www.labrienville.org\/fr\/wp-json\/wp\/v2\/tags?post=6321"}],"curies":[{"name":"wp","href":"https:\/\/api.w.org\/{rel}","templated":true}]}}